{"id":6091,"date":"2025-09-12T09:50:06","date_gmt":"2025-09-12T09:50:06","guid":{"rendered":"https:\/\/www.stagnesbelfast.com\/?p=6091"},"modified":"2025-09-12T09:50:06","modified_gmt":"2025-09-12T09:50:06","slug":"st-agnes-parish-bulletin-14th-september-2025","status":"publish","type":"post","link":"https:\/\/www.stagnesbelfast.com\/?p=6091","title":{"rendered":"ST AGNES PARISH BULLETIN 14TH SEPTEMBER 2025"},"content":{"rendered":"<h2><span style=\"color: #ff0000;\">PARISH<\/span> <span style=\"color: #ff0000;\">NEWS&#8230;<\/span><\/h2>\n<p><strong><span style=\"color: #000000;\"><span style=\"color: #ff0000;\">WEEKLY OFFERTORY PROMISE<\/span> The collection amounted to \u00a31682.00 Thank you for your generous financial support. You can make your envelope contribution via the donate button on the Parish website home page also at www.stagnesbelfast.com<\/span><\/strong><\/p>\n<p><strong><span style=\"color: #000000;\"><span style=\"color: #ff0000;\">\u201cWHY SUNDAY MATTERS\u201d<\/span> As we journey through this Jubilee Year of Hope, the Irish Bishops warmly invite all Catholics to re\ufb02ect on the immense signi\ufb01cance of Sunday Mass.\u00a0 The purpose of this message is to encourage you to reflect on what is special about Sunday and what it means to you, and, if you no longer attend, to consider returning to Mass. How can you enrich your experience of Mass and make it a central part of your life?\u00a0<\/span><\/strong><\/p>\n<p><strong><span style=\"color: #000000;\"><span style=\"color: #ff0000;\">FOODSTOCK<\/span> Our local foodbank continues to accept nonperishable food items eg canned food, Pasta etc in the entrance hall of the Church. Your donations make a big difference to local people in crisis. Thank you for your support.<\/span><\/strong><\/p>\n<p><strong><span style=\"color: #000000;\"><span style=\"color: #ff0000;\">PARISH PASTORAL COUNCIL\u00a0<\/span> Let us keep our Parish Pastoral Council in our prayers, as they met last weekend. May the Holy Spirit continue to bless them, guide their decisions, strengthen their hearts as they continue their mission of service for the good of our parish.\u00a0<\/span><\/strong><\/p>\n<p><strong><span style=\"color: #000000;\">\u00a0<span style=\"color: #ff0000;\">HOLY CHILD PRIMARY SCHOOL MASS<\/span> For the opening of the School Year will take place in St Agnes\u2019 on Monday 22nd September at 1.45pm.<\/span><\/strong><\/p>\n<p>&nbsp;<\/p>\n<h2><span style=\"color: #ff0000;\">MASS INTENTIONS<\/span><\/h2>\n<p><strong><span style=\"color: #000000;\">Sat 13th (6.30pm): Mary Mc Donald, Doreen Allen,<\/span><\/strong><\/p>\n<p><strong><span style=\"color: #000000;\">Bernard &amp; Anne Derby, Mary Mc Caughey, Lily Hamiliton<\/span><\/strong><\/p>\n<p><strong><span style=\"color: #000000;\">Sun 14th\u00a0 (9.30am): Haidee McDermott, Dorothy Mallon<\/span><\/strong><\/p>\n<p><strong><span style=\"color: #000000;\">\u00a0Sun 14th (12.30pm): Helen Mc Carry, Gerry O\u2019Reilly<\/span><\/strong><\/p>\n<p><strong><span style=\"color: #000000;\">John &amp; Phyllis Mc Goldrick &amp; daughter Phyllis, Ciaran Maskey<\/span><\/strong><\/p>\n<p><strong><span style=\"color: #000000;\">Mon 15th(10am): Kevin Taylor<\/span><\/strong><\/p>\n<p><strong><span style=\"color: #000000;\">Tues 16th\u00a0 (10am) :NO MASS<\/span><\/strong><\/p>\n<p><strong><span style=\"color: #000000;\">\u00a0Wed 17th(10am): Francis Stephen Shields<\/span><\/strong><\/p>\n<p><strong><span style=\"color: #000000;\">Thurs 18th (10am): Priest\u2019s intention<\/span><\/strong><\/p>\n<p><strong><span style=\"color: #000000;\">\u00a0Fri 19th (10am): Priest\u2019s intention<\/span><\/strong><\/p>\n<p><strong><span style=\"color: #000000;\">Sat 20th( 1pm): Priest\u2019s intention<\/span><\/strong><\/p>\n<p><strong><span style=\"color: #000000;\"><i>In the event of a funeral, the assigned intention will be offered privately by the priest at his first available mass.<\/i><\/span><\/strong><\/p>\n<p>&nbsp;<\/p>\n<h2><span style=\"color: #ff0000;\">REMEMBER IN PRAYER<\/span><\/h2>\n<p><b>\u00a0<\/b><strong><span style=\"color: #000000;\">Recently Deceased: Michael Doherty RIP<\/span><\/strong><\/p>\n<p><strong><span style=\"color: #000000;\">\u00a0Month\u2019s Mind: Helen Mc Carry<\/span><\/strong><\/p>\n<p><strong><span style=\"color: #000000;\">\u00a0Anniversaries:\u00a0 Edward &amp; Anna Mc Cann, Michael Keenan, Mary Devlin<\/span><\/strong><\/p>\n<p><strong><span style=\"color: #000000;\">Vera &amp; Billy Kelly, Dee Dee Doherty, Kevin Kennedy, Frankie Shields, Mary O\u2019Neill, Mary Devlin, Patrick &amp; Gerard Mallon, Gerard Glennon.<\/span><\/strong><\/p>\n<p><strong><span style=\"color: #000000;\">\u00a0<i>Eternal rest grant unto them, O Lord!<\/i><\/span><\/strong><\/p>\n<p>&nbsp;<\/p>\n<h2><span style=\"color: #ff0000;\">WHATS&#8217; ON &#8230;<\/span><\/h2>\n<p><strong><span style=\"color: #ff0000;\">C<\/span><\/strong><span style=\"color: #000000;\"><strong><span style=\"color: #ff0000;\">ome Belfast and join\u201d\u00a0The walk the cross\u00a0Eucharistic Procession \u201c\u00a0<\/span>starting at\u00a0Saint Michael\u2019s\u00a0Church\u00a0, Finaghy this Sunday the 14th of September at 4pm. .<\/strong><\/span><\/p>\n<p><span style=\"color: #000000;\"><strong>Processing with Jesus to\u00a0Saint Peter\u2019s\u00a0Cathedral,\u00a0starting with Holy Mass at 6.00 pm followed by Benediction and Anointing of the sick, unite your cross with the cross of Christ and unite your Heart to his Eucharistic Heartbeat.<\/strong><\/span><\/p>\n<p><span style=\"color: #000000;\"><strong>For further information please visit\u00a0<a style=\"color: #000000;\" href=\"https:\/\/url.uk.m.mimecastprotect.com\/s\/PAYbCwkwmS9RwoTVfOsJQY88?domain=walkthecross.ie\">walkthecross.ie<\/a><\/strong><\/span><\/p>\n<p><span style=\"color: #000000;\"><strong>\u00a0<span style=\"color: #ff0000;\">DIOCESAN ASSISTANT FINANCE OFFICER<\/span> We are seeking to recruit into the role of Diocesan Assistant Finance Officer, to join the Finance Team within the Curia Office. We are posting the vacancy on the Diocese of Down and Connor website, nijobs.com and the Community NI website, with the application pack available from the Diocesan website under the \/Job Vacancies tab.. Closing date for applications will be 12.00 noon on Tuesday 23 September 2025<\/strong><\/span><\/p>\n<p>&nbsp;<\/p>\n<p><span style=\"color: #000000;\"><strong><span style=\"color: #ff0000;\">Day Pilgrimage Knock Shrine<\/span> In Memory of Fr Brendan Smyth RIP. SATURDAY 4TH OCTOBER Day of thanksgiving for Priesthood, Bus leaves Downpatrick @ 6:45am &#8211; Crossgar &#8211; Saintfield Contact Hugh 07724771595 Morning Stop at Motorway Restaurant *BREAKFAST NOT INCLUDED* Accompanied By Fr Derek Kearney SMA \u00a335 PER PERSON INCLUDES TEA\/COFFEE SCONE ON RETURN JOURNEY.<\/strong><\/span><\/p>\n<p><span style=\"color: #000000;\"><strong>\u00a0<\/strong><\/span><\/p>\n<p><span style=\"color: #000000;\"><strong><span style=\"color: #ff0000;\">PILGRIMAGE TO KNOCK<\/span> The next Pilgrimage to Knock for our Family of Parishes will take place on the 7\/8th October. The cost is \u00a3155 all inclusive. The Pilgrimage will include Mass at the Apparition Wall, Stations of the Cross, Rosary, Sacrament of the Sick, Confession, a tour of the Basilica and a visit to the Holy Well at Tobernalt, Co. Sligo. Sixteen places are available. Contact your parish secretary to book your place and make your payment before 26th September.\u00a0<\/strong><\/span><\/p>\n<p><span style=\"color: #000000;\"><strong>\u00a0<span style=\"color: #ff0000;\">FREE IRISH CLASSES<\/span> at Naomh P\u00f3l starting 23rd &amp; 24th September Bunrang (beginners) and Ciorc\u00e1l Comhr\u00e1 (conversation) every Tuesday Me\u00e1nrang (intermediate) every Wednesday Tea, coffee &amp; biscuits at 7.00pm, classes start at 7.15pm Contact Glen Phillips on 07906 179605 for more details F\u00e1ilte roimh ch\u00e1ch!<\/strong><\/span><\/p>\n<p><span style=\"color: #000000;\"><strong>\u00a0<span style=\"color: #ff0000;\">Getting to Know Your Neighbour from across the Road<\/span><\/strong><\/span><\/p>\n<p><span style=\"color: #000000;\"><strong>For the past three years, a small group from St Matthew\u2019s (Shankill) and St John\u2019s (Falls) have been working together to build friendship and understanding. Our journey began with a Corrymeela programme exploring the so-called Decade of Centenaries (1912\u20131922). This September, we\u2019re inviting you to join us for an \u201cunconference\u201d\u2014a gathering where you set the agenda. In our first session, we won\u2019t come with a fixed programme. Instead, we\u2019ll listen: What questions are on your mind? What matters most to you and your community? Together, we\u2019ll shape a plan and, in the weeks that follow, explore those agreed topics more deeply\u2014creating space for honest conversation, shared learning, and new connections. Thursday 18 September, 7.00\u20139.00pm. Forthspring Inter-Community Centre, 373 Springfield Road.<\/strong><\/span><\/p>\n<p><span style=\"color: #000000;\"><strong><span style=\"color: #ff0000;\">JUBILEE YEAR OF HOPE, CELEBRATION OF YOUTH<\/span>. A time of prayer and reflection, led by Bishop Alan McGuckian SJ.\u00a0 In Clonard Monastery on Friday 26th September, 7.15am\u20148.30pm. All youth and young adults welcome.<\/strong><\/span><\/p>\n<p>&nbsp;<\/p>\n<p>&nbsp;<\/p>\n<p>&nbsp;<\/p>\n<p>&nbsp;<\/p>\n<p>&nbsp;<\/p>\n<p>&nbsp;<\/p>\n<p>&nbsp;<\/p>\n<p><span style=\"color: #000000;\"><strong>\u00a0<\/strong><\/span><\/p>\n<p>&nbsp;<\/p>\n<p><span style=\"color: #000000;\"><strong>\u00a0<\/strong><\/span><\/p>\n<p><b>\u00a0<\/b><\/p>\n<p><b>\u00a0<\/b><\/p>\n<p><b>\u00a0<\/b><\/p>\n<p><b>\u00a0<\/b><\/p>\n<p><b>\u00a0<\/b><\/p>\n<p><i>\u00a0<\/i><\/p>\n<p>&nbsp;<\/p>\n<p>&nbsp;<\/p>\n<p><strong><span style=\"color: #000000;\">\u00a0<\/span><\/strong><\/p>\n<p><b>\u00a0<\/b><\/p>\n<p><b>\u00a0<\/b><\/p>\n<p><b>\u00a0<\/b><\/p>\n<p><b>\u00a0<\/b><\/p>\n<p><b>\u00a0<\/b><\/p>\n<p>&nbsp;<\/p>\n<p>&nbsp;<\/p>\n<p>&nbsp;<\/p>\n<p><b>\u00a0<\/b><\/p>\n<p>&nbsp;<\/p>\n<p>&nbsp;<\/p>\n<p>&nbsp;<\/p>\n<p>&nbsp;<\/p>\n<p>&nbsp;<\/p>\n<p><b>\u00a0<\/b><\/p>\n<p>&nbsp;<\/p>\n<p><b>\u00a0<\/b><\/p>\n<p>&nbsp;<\/p>\n<p>&nbsp;<\/p>\n<p><b>\u00a0<\/b><\/p>\n<p><b>\u00a0<\/b><\/p>\n<p>&nbsp;<\/p>\n<p>&nbsp;<\/p>\n<p><b>\u00a0<\/b><\/p>\n<p><b>\u00a0<\/b><\/p>\n<p>&nbsp;<\/p>\n<p>&nbsp;<\/p>\n<p>&nbsp;<\/p>\n<p>&nbsp;<\/p>\n<p>&nbsp;<\/p>\n","protected":false},"excerpt":{"rendered":"<p>PARISH NEWS&#8230; WEEKLY OFFERTORY PROMISE The collection amounted to \u00a31682.00 Thank you for your generous financial support. You can make your envelope contribution via the donate button on the Parish website home page also at www.stagnesbelfast.com \u201cWHY SUNDAY MATTERS\u201d As we journey through this Jubilee Year of Hope, the Irish Bishops warmly invite all Catholics [&hellip;]<\/p>\n","protected":false},"author":1,"featured_media":0,"comment_status":"closed","ping_status":"closed","sticky":false,"template":"","format":"standard","meta":{"footnotes":"","jetpack_publicize_message":"","jetpack_is_tweetstorm":false,"jetpack_publicize_feature_enabled":true},"categories":[1],"tags":[],"jetpack_publicize_connections":[],"jetpack_featured_media_url":"","_links":{"self":[{"href":"https:\/\/www.stagnesbelfast.com\/index.php?rest_route=\/wp\/v2\/posts\/6091"}],"collection":[{"href":"https:\/\/www.stagnesbelfast.com\/index.php?rest_route=\/wp\/v2\/posts"}],"about":[{"href":"https:\/\/www.stagnesbelfast.com\/index.php?rest_route=\/wp\/v2\/types\/post"}],"author":[{"embeddable":true,"href":"https:\/\/www.stagnesbelfast.com\/index.php?rest_route=\/wp\/v2\/users\/1"}],"replies":[{"embeddable":true,"href":"https:\/\/www.stagnesbelfast.com\/index.php?rest_route=%2Fwp%2Fv2%2Fcomments&post=6091"}],"version-history":[{"count":3,"href":"https:\/\/www.stagnesbelfast.com\/index.php?rest_route=\/wp\/v2\/posts\/6091\/revisions"}],"predecessor-version":[{"id":6094,"href":"https:\/\/www.stagnesbelfast.com\/index.php?rest_route=\/wp\/v2\/posts\/6091\/revisions\/6094"}],"wp:attachment":[{"href":"https:\/\/www.stagnesbelfast.com\/index.php?rest_route=%2Fwp%2Fv2%2Fmedia&parent=6091"}],"wp:term":[{"taxonomy":"category","embeddable":true,"href":"https:\/\/www.stagnesbelfast.com\/index.php?rest_route=%2Fwp%2Fv2%2Fcategories&post=6091"},{"taxonomy":"post_tag","embeddable":true,"href":"https:\/\/www.stagnesbelfast.com\/index.php?rest_route=%2Fwp%2Fv2%2Ftags&post=6091"}],"curies":[{"name":"wp","href":"https:\/\/api.w.org\/{rel}","templated":true}]}}